{"id":1156,"date":"2021-03-08T13:08:56","date_gmt":"2021-03-08T12:08:56","guid":{"rendered":"http:\/\/college-texier.fr\/?p=1156"},"modified":"2021-04-08T11:09:21","modified_gmt":"2021-04-08T09:09:21","slug":"orientation-apres-la-3eme","status":"publish","type":"post","link":"https:\/\/college-texier.fr\/?p=1156","title":{"rendered":"Orientation apr\u00e8s la 3\u00e8me"},"content":{"rendered":"<p><\/p>\n\n\n<\/p>\n<p>L&rsquo;orientation apr\u00e8s la classe de 3\u00e8me est un enjeu important de l&rsquo;ann\u00e9e scolaire.<\/p>\n<p>\n\n\n<p><\/p>\n<p><\/p>\n\n\n<\/p>\n<p>Le projet d&rsquo;orientation commence \u00e0 se dessiner au fur et \u00e0 mesure. <\/p>\n<p>\n\n\n<p><\/p>\n<p><\/p>\n\n\n<\/p>\n<p>Pour affiner votre recherche, nous mettons \u00e0 votre disposition, 2 documents importants :<\/p>\n<p>\n\n\n<p><\/p>\n<p><\/p>\n\n\n<\/p>\n<ul class=\"wp-block-list\">\n<li><a href=\"https:\/\/college-texier.fr\/wp-content\/uploads\/2021\/03\/calendrier-synthetique-rs-2021.pdf\" data-type=\"URL\" data-id=\"https:\/\/college-texier.fr\/wp-content\/uploads\/2021\/03\/calendrier-synthetique-rs-2021.pdf\">Les formations sp\u00e9cifiques de l&rsquo;acad\u00e9mie de Poitiers<\/a> pour lesquelles une date de d\u00e9p\u00f4t d&rsquo;un dossier est indiqu\u00e9e.<\/li>\n<li><a href=\"https:\/\/college-texier.fr\/wp-content\/uploads\/2021\/03\/JPO-Academie-Poitiers.pdf\" data-type=\"URL\" data-id=\"https:\/\/college-texier.fr\/wp-content\/uploads\/2021\/03\/JPO-Academie-Poitiers.pdf\">Les portes ouvertes des lyc\u00e9es de l&rsquo;acad\u00e9mie<\/a>.<\/li>\n<\/ul>\n<p>\n\n\n<p><\/p>\n<p><\/p>\n\n\n<\/p>\n<p>Les guides d&rsquo;orientation \u00e9labor\u00e9s par l&rsquo;<a href=\"https:\/\/www.onisep.fr\" data-type=\"URL\" data-id=\"https:\/\/www.onisep.fr\">ONISEP<\/a> :<\/p>\n<p><a href=\"https:\/\/jeunes.nouvelle-aquitaine.fr\/sites\/default\/files\/2021-03\/Guide_3e_2021_Poitiers.pdf\" target=\"_blank\" rel=\"noopener\">GUIDE 3E POITIERS 2021&nbsp;<\/a><br>\n\n\n<p><\/p>\n<p><\/p>\n\n\n<\/p>\n<a href=\"https:\/\/college-texier.fr\/wp-content\/uploads\/2021\/03\/GUIDE_3E_RENTREE_2021.pdf\">GUIDE_3E_RENTREE_2021<\/a><a href=\"https:\/\/college-texier.fr\/wp-content\/uploads\/2021\/03\/GUIDE_3E_RENTREE_2021.pdf\" download=\"\">T\u00e9l\u00e9charger<\/a>\n<p>\n\n\n<p><\/p>\n<p><\/p>\n\n\n<\/p>\n<a href=\"https:\/\/college-texier.fr\/wp-content\/uploads\/2021\/03\/GUIDE_3E_RENTREE_2020_poitiers_MAJ-MARS.pdf\">GUIDE_3E_RENTREE_2020_poitiers_MAJ-MARS<\/a><a href=\"https:\/\/college-texier.fr\/wp-content\/uploads\/2021\/03\/GUIDE_3E_RENTREE_2020_poitiers_MAJ-MARS.pdf\" download=\"\">T\u00e9l\u00e9charger<\/a>\n<p>\n\n\n<p><\/p>\n<p><\/p>\n\n\n<\/p>\n<a href=\"https:\/\/college-texier.fr\/wp-content\/uploads\/2021\/03\/CAPMetier_2020_Poitiers_30-03-20.pdf\">CAPMetier_2020_Poitiers_30-03-20<\/a><a href=\"https:\/\/college-texier.fr\/wp-content\/uploads\/2021\/03\/CAPMetier_2020_Poitiers_30-03-20.pdf\" download=\"\">T\u00e9l\u00e9charger<\/a>\n<p>\n\n\n<p><\/p>\n<p><\/p>\n\n\n<\/p>\n<p>\n\n\n<p><\/p>\n<p><\/p>\n\n\n<\/p>\n<p><br><\/p>\n<p>\n\n\n<p><\/p>","protected":false},"excerpt":{"rendered":"<p>L&rsquo;orientation apr\u00e8s la classe de 3\u00e8me est un enjeu important de l&rsquo;ann\u00e9e scolaire. Le projet d&rsquo;orientation commence \u00e0 se dessiner au fur et \u00e0 mesure. Pour affiner votre recherche, nous mettons \u00e0 votre disposition, 2 documents importants : Les formations sp\u00e9cifiques de l&rsquo;acad\u00e9mie de Poitiers pour lesquelles une date de d\u00e9p\u00f4t d&rsquo;un dossier est indiqu\u00e9e. [&hellip;]<\/p>\n","protected":false},"author":3,"featured_media":0,"comment_status":"closed","ping_status":"closed","sticky":false,"template":"","format":"standard","meta":{"footnotes":""},"categories":[5,24],"tags":[],"class_list":["post-1156","post","type-post","status-publish","format-standard","hentry","category-accueil","category-orientation"],"_links":{"self":[{"href":"https:\/\/college-texier.fr\/index.php?rest_route=\/wp\/v2\/posts\/1156","targetHints":{"allow":["GET"]}}],"collection":[{"href":"https:\/\/college-texier.fr\/index.php?rest_route=\/wp\/v2\/posts"}],"about":[{"href":"https:\/\/college-texier.fr\/index.php?rest_route=\/wp\/v2\/types\/post"}],"author":[{"embeddable":true,"href":"https:\/\/college-texier.fr\/index.php?rest_route=\/wp\/v2\/users\/3"}],"replies":[{"embeddable":true,"href":"https:\/\/college-texier.fr\/index.php?rest_route=%2Fwp%2Fv2%2Fcomments&post=1156"}],"version-history":[{"count":10,"href":"https:\/\/college-texier.fr\/index.php?rest_route=\/wp\/v2\/posts\/1156\/revisions"}],"predecessor-version":[{"id":1179,"href":"https:\/\/college-texier.fr\/index.php?rest_route=\/wp\/v2\/posts\/1156\/revisions\/1179"}],"wp:attachment":[{"href":"https:\/\/college-texier.fr\/index.php?rest_route=%2Fwp%2Fv2%2Fmedia&parent=1156"}],"wp:term":[{"taxonomy":"category","embeddable":true,"href":"https:\/\/college-texier.fr\/index.php?rest_route=%2Fwp%2Fv2%2Fcategories&post=1156"},{"taxonomy":"post_tag","embeddable":true,"href":"https:\/\/college-texier.fr\/index.php?rest_route=%2Fwp%2Fv2%2Ftags&post=1156"}],"curies":[{"name":"wp","href":"https:\/\/api.w.org\/{rel}","templated":true}]}}