{"id":1213,"date":"2021-06-10T21:59:14","date_gmt":"2021-06-10T19:59:14","guid":{"rendered":"http:\/\/college-texier.fr\/?p=1213"},"modified":"2021-06-10T21:59:30","modified_gmt":"2021-06-10T19:59:30","slug":"ces-gens-dy-ci-regards-sur-les-angeriens-venus-dailleurs","status":"publish","type":"post","link":"https:\/\/college-texier.fr\/?p=1213","title":{"rendered":"\u00ab\u00a0Ces gens d&rsquo;Y-ci : regards sur les ang\u00e9riens venus d&rsquo;ailleurs\u00a0\u00bb"},"content":{"rendered":"\n<p>Cette ann\u00e9e, la classe de 4e4 a eu la chance de travailler avec la journaliste H\u00e9l\u00e8ne Bannier (<a href=\"https:\/\/vivant-le-media.fr\/\" data-type=\"URL\" data-id=\"https:\/\/vivant-le-media.fr\/\">Vivant le m\u00e9dia<\/a>) en r\u00e9sidence sur notre territoire. Voici le r\u00e9sultat de leur travail : un journal de 10 pages sur le th\u00e8me de l&rsquo;immigration \u00e0 St Jean d&rsquo;Ang\u00e9ly.<\/p>\n\n\n\n<p>Vous pouvez lire ce journal en cliquant sur le lien suivant : <a href=\"https:\/\/www.calameo.com\/books\/005464531a73d235f4d07\">https:\/\/www.calameo.com\/books\/005464531a73d235f4d07<\/a><\/p>\n\n\n\n<p>Un grand bravo \u00e0 tous les \u00e9l\u00e8ves apprentis journalistes !<\/p>\n","protected":false},"excerpt":{"rendered":"<p>Cette ann\u00e9e, la classe de 4e4 a eu la chance de travailler avec la journaliste H\u00e9l\u00e8ne Bannier (Vivant le m\u00e9dia) en r\u00e9sidence sur notre territoire. Voici le r\u00e9sultat de leur travail : un journal de 10 pages sur le th\u00e8me de l&rsquo;immigration \u00e0 St Jean d&rsquo;Ang\u00e9ly. Vous pouvez lire ce journal en cliquant sur le [&hellip;]<\/p>\n","protected":false},"author":36,"featured_media":0,"comment_status":"closed","ping_status":"closed","sticky":false,"template":"","format":"standard","meta":{"footnotes":""},"categories":[5,16,20,13],"tags":[50,97,88,101,102],"class_list":["post-1213","post","type-post","status-publish","format-standard","hentry","category-accueil","category-documentation","category-francais","category-histoire","tag-cdi","tag-education-aux-medias","tag-francais","tag-geographie","tag-journal-scolaire"],"_links":{"self":[{"href":"https:\/\/college-texier.fr\/index.php?rest_route=\/wp\/v2\/posts\/1213","targetHints":{"allow":["GET"]}}],"collection":[{"href":"https:\/\/college-texier.fr\/index.php?rest_route=\/wp\/v2\/posts"}],"about":[{"href":"https:\/\/college-texier.fr\/index.php?rest_route=\/wp\/v2\/types\/post"}],"author":[{"embeddable":true,"href":"https:\/\/college-texier.fr\/index.php?rest_route=\/wp\/v2\/users\/36"}],"replies":[{"embeddable":true,"href":"https:\/\/college-texier.fr\/index.php?rest_route=%2Fwp%2Fv2%2Fcomments&post=1213"}],"version-history":[{"count":2,"href":"https:\/\/college-texier.fr\/index.php?rest_route=\/wp\/v2\/posts\/1213\/revisions"}],"predecessor-version":[{"id":1215,"href":"https:\/\/college-texier.fr\/index.php?rest_route=\/wp\/v2\/posts\/1213\/revisions\/1215"}],"wp:attachment":[{"href":"https:\/\/college-texier.fr\/index.php?rest_route=%2Fwp%2Fv2%2Fmedia&parent=1213"}],"wp:term":[{"taxonomy":"category","embeddable":true,"href":"https:\/\/college-texier.fr\/index.php?rest_route=%2Fwp%2Fv2%2Fcategories&post=1213"},{"taxonomy":"post_tag","embeddable":true,"href":"https:\/\/college-texier.fr\/index.php?rest_route=%2Fwp%2Fv2%2Ftags&post=1213"}],"curies":[{"name":"wp","href":"https:\/\/api.w.org\/{rel}","templated":true}]}}