{"id":1309,"date":"2021-09-05T10:25:00","date_gmt":"2021-09-05T08:25:00","guid":{"rendered":"https:\/\/college-texier.fr\/?p=1309"},"modified":"2021-09-09T07:59:00","modified_gmt":"2021-09-09T05:59:00","slug":"reunion-des-parents-deleves-de-6eme","status":"publish","type":"post","link":"https:\/\/college-texier.fr\/?p=1309","title":{"rendered":"R\u00e9union des parents d&rsquo;\u00e9l\u00e8ves de 6\u00e8me"},"content":{"rendered":"\n<p>Vous trouverez ci-dessous le lien pour acc\u00e9der au diaporama pr\u00e9sent\u00e9 lors de la r\u00e9union du 6 septembre 2021 :<\/p>\n\n\n\n<p>Acc\u00e9der au <strong><a href=\"https:\/\/college-texier.fr\/wp-content\/uploads\/2021\/09\/Reunion-parents-6eme-06092021.pdf\">diaporama<\/a><\/strong><\/p>\n","protected":false},"excerpt":{"rendered":"<p>Vous trouverez ci-dessous le lien pour acc\u00e9der au diaporama pr\u00e9sent\u00e9 lors de la r\u00e9union du 6 septembre 2021 : Acc\u00e9der au diaporama<\/p>\n","protected":false},"author":3,"featured_media":0,"comment_status":"closed","ping_status":"closed","sticky":false,"template":"","format":"standard","meta":{"footnotes":""},"categories":[5],"tags":[],"class_list":["post-1309","post","type-post","status-publish","format-standard","hentry","category-accueil"],"_links":{"self":[{"href":"https:\/\/college-texier.fr\/index.php?rest_route=\/wp\/v2\/posts\/1309","targetHints":{"allow":["GET"]}}],"collection":[{"href":"https:\/\/college-texier.fr\/index.php?rest_route=\/wp\/v2\/posts"}],"about":[{"href":"https:\/\/college-texier.fr\/index.php?rest_route=\/wp\/v2\/types\/post"}],"author":[{"embeddable":true,"href":"https:\/\/college-texier.fr\/index.php?rest_route=\/wp\/v2\/users\/3"}],"replies":[{"embeddable":true,"href":"https:\/\/college-texier.fr\/index.php?rest_route=%2Fwp%2Fv2%2Fcomments&post=1309"}],"version-history":[{"count":2,"href":"https:\/\/college-texier.fr\/index.php?rest_route=\/wp\/v2\/posts\/1309\/revisions"}],"predecessor-version":[{"id":1320,"href":"https:\/\/college-texier.fr\/index.php?rest_route=\/wp\/v2\/posts\/1309\/revisions\/1320"}],"wp:attachment":[{"href":"https:\/\/college-texier.fr\/index.php?rest_route=%2Fwp%2Fv2%2Fmedia&parent=1309"}],"wp:term":[{"taxonomy":"category","embeddable":true,"href":"https:\/\/college-texier.fr\/index.php?rest_route=%2Fwp%2Fv2%2Fcategories&post=1309"},{"taxonomy":"post_tag","embeddable":true,"href":"https:\/\/college-texier.fr\/index.php?rest_route=%2Fwp%2Fv2%2Ftags&post=1309"}],"curies":[{"name":"wp","href":"https:\/\/api.w.org\/{rel}","templated":true}]}}