{"id":1354,"date":"2023-02-28T18:20:00","date_gmt":"2023-02-28T17:20:00","guid":{"rendered":"https:\/\/college-texier.fr\/?p=1354"},"modified":"2023-02-28T18:21:27","modified_gmt":"2023-02-28T17:21:27","slug":"orientation-des-eleves-de-3eme","status":"publish","type":"post","link":"https:\/\/college-texier.fr\/?p=1354","title":{"rendered":"Orientation des \u00e9l\u00e8ves de 3\u00e8me"},"content":{"rendered":"\n<p>Vous trouverez ci-dessous les ressources qui vous permettront d&rsquo;affiner le projet d&rsquo;orientation des \u00e9l\u00e8ves de 3\u00e8me <\/p>\n\n\n\n<ul class=\"wp-block-list\">\n<li>Le guide Orientation <a href=\"https:\/\/college-texier.fr\/wp-content\/uploads\/2022\/02\/GUIDE_3E_2022_Poitiers_PDF_web.pdf\">\u00ab\u00a0Apr\u00e8s la 3\u00e8me\u00a0\u00bb de la r\u00e9gion Nouvelle Aquitaine <\/a>&#8211; version 2022<\/li>\n\n\n\n<li>Le guide pratique Orientation <a href=\"https:\/\/college-texier.fr\/wp-content\/uploads\/2023\/02\/230203_BRO_GuideOrientationPost3_A4_web.pdf\" data-type=\"URL\" data-id=\"https:\/\/college-texier.fr\/wp-content\/uploads\/2023\/02\/230203_BRO_GuideOrientationPost3_A4_web.pdf\">\u00ab\u00a0Apr\u00e8s la 3\u00e8me de l&rsquo;ONISEP<\/a> &#8211; version 2023<\/li>\n\n\n\n<li>Les <a href=\"https:\/\/jpo.onisep.fr\/sec\/?poitiers\" data-type=\"URL\" data-id=\"https:\/\/jpo.onisep.fr\/sec\/?poitiers\">portes ouvertes des lyc\u00e9es<\/a> de l&rsquo;acad\u00e9mie de Poitiers <\/li>\n<\/ul>\n\n\n\n<p>Nous restons \u00e0 votre \u00e9coute et \u00e0 votre disposition pour toutes questions compl\u00e9mentaires.<\/p>\n\n\n\n<p>Les professeurs principaux de 3\u00e8me, le psychologue de l&rsquo;\u00e9ducation nationale \u00ab\u00a0orientation\u00a0\u00bb, le principal.<\/p>\n","protected":false},"excerpt":{"rendered":"<p>Vous trouverez ci-dessous les ressources qui vous permettront d&rsquo;affiner le projet d&rsquo;orientation des \u00e9l\u00e8ves de 3\u00e8me Nous restons \u00e0 votre \u00e9coute et \u00e0 votre disposition pour toutes questions compl\u00e9mentaires. Les professeurs principaux de 3\u00e8me, le psychologue de l&rsquo;\u00e9ducation nationale \u00ab\u00a0orientation\u00a0\u00bb, le principal.<\/p>\n","protected":false},"author":3,"featured_media":0,"comment_status":"closed","ping_status":"closed","sticky":false,"template":"","format":"standard","meta":{"footnotes":""},"categories":[24],"tags":[],"class_list":["post-1354","post","type-post","status-publish","format-standard","hentry","category-orientation"],"_links":{"self":[{"href":"https:\/\/college-texier.fr\/index.php?rest_route=\/wp\/v2\/posts\/1354","targetHints":{"allow":["GET"]}}],"collection":[{"href":"https:\/\/college-texier.fr\/index.php?rest_route=\/wp\/v2\/posts"}],"about":[{"href":"https:\/\/college-texier.fr\/index.php?rest_route=\/wp\/v2\/types\/post"}],"author":[{"embeddable":true,"href":"https:\/\/college-texier.fr\/index.php?rest_route=\/wp\/v2\/users\/3"}],"replies":[{"embeddable":true,"href":"https:\/\/college-texier.fr\/index.php?rest_route=%2Fwp%2Fv2%2Fcomments&post=1354"}],"version-history":[{"count":4,"href":"https:\/\/college-texier.fr\/index.php?rest_route=\/wp\/v2\/posts\/1354\/revisions"}],"predecessor-version":[{"id":1507,"href":"https:\/\/college-texier.fr\/index.php?rest_route=\/wp\/v2\/posts\/1354\/revisions\/1507"}],"wp:attachment":[{"href":"https:\/\/college-texier.fr\/index.php?rest_route=%2Fwp%2Fv2%2Fmedia&parent=1354"}],"wp:term":[{"taxonomy":"category","embeddable":true,"href":"https:\/\/college-texier.fr\/index.php?rest_route=%2Fwp%2Fv2%2Fcategories&post=1354"},{"taxonomy":"post_tag","embeddable":true,"href":"https:\/\/college-texier.fr\/index.php?rest_route=%2Fwp%2Fv2%2Ftags&post=1354"}],"curies":[{"name":"wp","href":"https:\/\/api.w.org\/{rel}","templated":true}]}}