{"id":1441,"date":"2022-09-12T09:14:55","date_gmt":"2022-09-12T07:14:55","guid":{"rendered":"https:\/\/college-texier.fr\/?p=1441"},"modified":"2022-09-12T09:14:56","modified_gmt":"2022-09-12T07:14:56","slug":"photo-des-classes","status":"publish","type":"post","link":"https:\/\/college-texier.fr\/?p=1441","title":{"rendered":"Photo des classes"},"content":{"rendered":"\n<p>La traditionnelle photo de classe sera prise <strong>lundi 12 et mardi 13 septembre 2022<\/strong> pour tous les \u00e9l\u00e8ves. Vous aurez la possibilit\u00e9 de l&rsquo;acheter selon les indications fournies par le FSE du coll\u00e8ge.<\/p>\n","protected":false},"excerpt":{"rendered":"<p>La traditionnelle photo de classe sera prise lundi 12 et mardi 13 septembre 2022 pour tous les \u00e9l\u00e8ves. Vous aurez la possibilit\u00e9 de l&rsquo;acheter selon les indications fournies par le FSE du coll\u00e8ge.<\/p>\n","protected":false},"author":4,"featured_media":0,"comment_status":"closed","ping_status":"closed","sticky":false,"template":"","format":"standard","meta":{"footnotes":""},"categories":[5],"tags":[],"class_list":["post-1441","post","type-post","status-publish","format-standard","hentry","category-accueil"],"_links":{"self":[{"href":"https:\/\/college-texier.fr\/index.php?rest_route=\/wp\/v2\/posts\/1441","targetHints":{"allow":["GET"]}}],"collection":[{"href":"https:\/\/college-texier.fr\/index.php?rest_route=\/wp\/v2\/posts"}],"about":[{"href":"https:\/\/college-texier.fr\/index.php?rest_route=\/wp\/v2\/types\/post"}],"author":[{"embeddable":true,"href":"https:\/\/college-texier.fr\/index.php?rest_route=\/wp\/v2\/users\/4"}],"replies":[{"embeddable":true,"href":"https:\/\/college-texier.fr\/index.php?rest_route=%2Fwp%2Fv2%2Fcomments&post=1441"}],"version-history":[{"count":1,"href":"https:\/\/college-texier.fr\/index.php?rest_route=\/wp\/v2\/posts\/1441\/revisions"}],"predecessor-version":[{"id":1442,"href":"https:\/\/college-texier.fr\/index.php?rest_route=\/wp\/v2\/posts\/1441\/revisions\/1442"}],"wp:attachment":[{"href":"https:\/\/college-texier.fr\/index.php?rest_route=%2Fwp%2Fv2%2Fmedia&parent=1441"}],"wp:term":[{"taxonomy":"category","embeddable":true,"href":"https:\/\/college-texier.fr\/index.php?rest_route=%2Fwp%2Fv2%2Fcategories&post=1441"},{"taxonomy":"post_tag","embeddable":true,"href":"https:\/\/college-texier.fr\/index.php?rest_route=%2Fwp%2Fv2%2Ftags&post=1441"}],"curies":[{"name":"wp","href":"https:\/\/api.w.org\/{rel}","templated":true}]}}