{"id":1539,"date":"2023-03-17T14:11:37","date_gmt":"2023-03-17T13:11:37","guid":{"rendered":"https:\/\/college-texier.fr\/?p=1539"},"modified":"2023-03-17T14:11:37","modified_gmt":"2023-03-17T13:11:37","slug":"rencontre-avec-marie-colot","status":"publish","type":"post","link":"https:\/\/college-texier.fr\/?p=1539","title":{"rendered":"Rencontre avec Marie Colot"},"content":{"rendered":"\n<p>Dans le cadre du <strong>Prix litt\u00e9raire des coll\u00e9giens de Charente-Maritime<\/strong>, les \u00e9l\u00e8ves de 4e6 ont eu la chance de rencontre l&rsquo;autrice Marie Colot le 10 mars dernier au CDI.<\/p>\n\n\n\n<p>Ils ont pu lui poser toutes leurs questions sur le m\u00e9tier d&rsquo;\u00e9crivaine mais \u00e9galement sur son roman Eden, fille de personne. Les \u00e9changes ont \u00e9t\u00e9 riches autour de la th\u00e9matique de l&rsquo;adoption et surtout de celle des \u00ab\u00a0enfants jetables\u00a0\u00bb aux \u00c9tats-Unis. Les \u00e9l\u00e8ves avaient pr\u00e9par\u00e9 des travaux qui ont \u00e9t\u00e9 pr\u00e9sent\u00e9s \u00e0 Marie Colot.<\/p>\n\n\n\n<p>Ils voteront bient\u00f4t pour leur roman pr\u00e9f\u00e9r\u00e9. Il leur faudra choisir parmi trois titres. Sont \u00e9galement en lice les romans <em>A corps perdu<\/em> de Muriel Z\u00fcrche<em>r<\/em> et <em>Le buzz de l&rsquo;abeille<\/em> d&rsquo;Isabelle Renaud. <\/p>\n","protected":false},"excerpt":{"rendered":"<p>Dans le cadre du Prix litt\u00e9raire des coll\u00e9giens de Charente-Maritime, les \u00e9l\u00e8ves de 4e6 ont eu la chance de rencontre l&rsquo;autrice Marie Colot le 10 mars dernier au CDI. Ils ont pu lui poser toutes leurs questions sur le m\u00e9tier d&rsquo;\u00e9crivaine mais \u00e9galement sur son roman Eden, fille de personne. Les \u00e9changes ont \u00e9t\u00e9 riches [&hellip;]<\/p>\n","protected":false},"author":36,"featured_media":1540,"comment_status":"closed","ping_status":"closed","sticky":false,"template":"","format":"standard","meta":{"footnotes":""},"categories":[16,20],"tags":[50,88,48,95],"class_list":["post-1539","post","type-post","status-publish","format-standard","has-post-thumbnail","hentry","category-documentation","category-francais","tag-cdi","tag-francais","tag-lecture","tag-prix-des-collegiens"],"_links":{"self":[{"href":"https:\/\/college-texier.fr\/index.php?rest_route=\/wp\/v2\/posts\/1539","targetHints":{"allow":["GET"]}}],"collection":[{"href":"https:\/\/college-texier.fr\/index.php?rest_route=\/wp\/v2\/posts"}],"about":[{"href":"https:\/\/college-texier.fr\/index.php?rest_route=\/wp\/v2\/types\/post"}],"author":[{"embeddable":true,"href":"https:\/\/college-texier.fr\/index.php?rest_route=\/wp\/v2\/users\/36"}],"replies":[{"embeddable":true,"href":"https:\/\/college-texier.fr\/index.php?rest_route=%2Fwp%2Fv2%2Fcomments&post=1539"}],"version-history":[{"count":1,"href":"https:\/\/college-texier.fr\/index.php?rest_route=\/wp\/v2\/posts\/1539\/revisions"}],"predecessor-version":[{"id":1541,"href":"https:\/\/college-texier.fr\/index.php?rest_route=\/wp\/v2\/posts\/1539\/revisions\/1541"}],"wp:featuredmedia":[{"embeddable":true,"href":"https:\/\/college-texier.fr\/index.php?rest_route=\/wp\/v2\/media\/1540"}],"wp:attachment":[{"href":"https:\/\/college-texier.fr\/index.php?rest_route=%2Fwp%2Fv2%2Fmedia&parent=1539"}],"wp:term":[{"taxonomy":"category","embeddable":true,"href":"https:\/\/college-texier.fr\/index.php?rest_route=%2Fwp%2Fv2%2Fcategories&post=1539"},{"taxonomy":"post_tag","embeddable":true,"href":"https:\/\/college-texier.fr\/index.php?rest_route=%2Fwp%2Fv2%2Ftags&post=1539"}],"curies":[{"name":"wp","href":"https:\/\/api.w.org\/{rel}","templated":true}]}}