{"id":1555,"date":"2023-03-20T09:40:12","date_gmt":"2023-03-20T08:40:12","guid":{"rendered":"https:\/\/college-texier.fr\/?p=1555"},"modified":"2023-03-20T09:40:13","modified_gmt":"2023-03-20T08:40:13","slug":"tous-migrants-lexpo-de-nouveau-au-cdi","status":"publish","type":"post","link":"https:\/\/college-texier.fr\/?p=1555","title":{"rendered":"\u00ab\u00a0Tous Migrants !\u00a0\u00bb : l&rsquo;expo de nouveau au CDI"},"content":{"rendered":"\n<p><strong>A l&rsquo;occasion de la Semaine de la Presse et des M\u00e9dias \u00e0 l&rsquo;Ecole, le CDI accueille de nouveau l&rsquo;exposition de dessin de presse <em>\u00ab\u00a0Tous migrants !\u00a0\u00bb<\/em>.<\/strong><\/p>\n\n\n\n<p>Cette exposition, issue de la collection Cartooning for peace, retrace le parcours complexe des migrants \u00e0 travers des dessins de presse du monde entier. Des raisons du d\u00e9part au processus d\u2019int\u00e9gration dans un nouveau pays, en passant par les obstacles rencontr\u00e9s durant leur voyage, les dessinateurs de presse analysent en quelques traits cet enjeu majeur pour nos soci\u00e9t\u00e9s. Au fil des panneaux th\u00e9matiques, leurs coups de crayon cassent les pr\u00e9jug\u00e9s, d\u00e9noncent le rejet de l\u2019\u00e9tranger et montrent l\u2019apport et la richesse de la diversit\u00e9.<\/p>\n\n\n\n<p>Tous les \u00e9l\u00e8ves de 4e auront l&rsquo;occasion de la d\u00e9couvrir et de travailler dessus en lien avec le programme de g\u00e9ographie. Ce sera une bonne entr\u00e9e en mati\u00e8re avant leur rencontre avec le dessinateur de presse Guillaume Bouzard le 28 mars prochain. <\/p>\n","protected":false},"excerpt":{"rendered":"<p>A l&rsquo;occasion de la Semaine de la Presse et des M\u00e9dias \u00e0 l&rsquo;Ecole, le CDI accueille de nouveau l&rsquo;exposition de dessin de presse \u00ab\u00a0Tous migrants !\u00a0\u00bb. Cette exposition, issue de la collection Cartooning for peace, retrace le parcours complexe des migrants \u00e0 travers des dessins de presse du monde entier. Des raisons du d\u00e9part au [&hellip;]<\/p>\n","protected":false},"author":36,"featured_media":1556,"comment_status":"closed","ping_status":"closed","sticky":false,"template":"","format":"standard","meta":{"footnotes":""},"categories":[16,13],"tags":[97],"class_list":["post-1555","post","type-post","status-publish","format-standard","has-post-thumbnail","hentry","category-documentation","category-histoire","tag-education-aux-medias"],"_links":{"self":[{"href":"https:\/\/college-texier.fr\/index.php?rest_route=\/wp\/v2\/posts\/1555","targetHints":{"allow":["GET"]}}],"collection":[{"href":"https:\/\/college-texier.fr\/index.php?rest_route=\/wp\/v2\/posts"}],"about":[{"href":"https:\/\/college-texier.fr\/index.php?rest_route=\/wp\/v2\/types\/post"}],"author":[{"embeddable":true,"href":"https:\/\/college-texier.fr\/index.php?rest_route=\/wp\/v2\/users\/36"}],"replies":[{"embeddable":true,"href":"https:\/\/college-texier.fr\/index.php?rest_route=%2Fwp%2Fv2%2Fcomments&post=1555"}],"version-history":[{"count":1,"href":"https:\/\/college-texier.fr\/index.php?rest_route=\/wp\/v2\/posts\/1555\/revisions"}],"predecessor-version":[{"id":1557,"href":"https:\/\/college-texier.fr\/index.php?rest_route=\/wp\/v2\/posts\/1555\/revisions\/1557"}],"wp:featuredmedia":[{"embeddable":true,"href":"https:\/\/college-texier.fr\/index.php?rest_route=\/wp\/v2\/media\/1556"}],"wp:attachment":[{"href":"https:\/\/college-texier.fr\/index.php?rest_route=%2Fwp%2Fv2%2Fmedia&parent=1555"}],"wp:term":[{"taxonomy":"category","embeddable":true,"href":"https:\/\/college-texier.fr\/index.php?rest_route=%2Fwp%2Fv2%2Fcategories&post=1555"},{"taxonomy":"post_tag","embeddable":true,"href":"https:\/\/college-texier.fr\/index.php?rest_route=%2Fwp%2Fv2%2Ftags&post=1555"}],"curies":[{"name":"wp","href":"https:\/\/api.w.org\/{rel}","templated":true}]}}