{"id":1561,"date":"2023-04-07T18:28:26","date_gmt":"2023-04-07T16:28:26","guid":{"rendered":"https:\/\/college-texier.fr\/?p=1561"},"modified":"2023-04-07T18:29:18","modified_gmt":"2023-04-07T16:29:18","slug":"petit-dejeuner-anglo-allemand-semaine-des-langues","status":"publish","type":"post","link":"https:\/\/college-texier.fr\/?p=1561","title":{"rendered":"Petit-d\u00e9jeuner anglo-allemand &#8211; semaine des langues"},"content":{"rendered":"\n<p>Dans le cadre de la semaine des langues, les \u00e9l\u00e8ves de 6e6 ont pu d\u00e9guster un deutsches Fr\u00fchst\u00fcck\/english breakfast. Ils ont \u00e9t\u00e9 accueillis par les \u00e9l\u00e8ves de 4e SEGPA et leur professeur d&rsquo;HAS, Mme MICHAUD, qui avaient pr\u00e9par\u00e9 la salle, la vaisselle et qui se sont occup\u00e9s du service in english, please ! <\/p>\n\n\n\n<p>Les professeurs d&rsquo;allemand, Mme BRABANT, et d&rsquo;anglais, Mme MARSH avaient pr\u00e9vu Br\u00f6tchen, Brezeln, toast, lemon curd, marmelade, english tea, etc. afin de faire d\u00e9couvrir des sp\u00e9cificit\u00e9s des petits-d\u00e9jeuners allemand et anglais aux \u00e9l\u00e8ves de la classe bilangue et de la SEGPA. Es war lecker ! It was delicious !<\/p>\n\n\n\n<p>Les \u00e9l\u00e8ves ont \u00e9change en anglais et ont chant\u00e9 une chanson en allemand sur le petit-d\u00e9jeuner.<\/p>\n\n\n\n<p>Ein sch\u00f6ner Moment ! A nice moment !<\/p>\n\n\n\n<figure class=\"wp-block-image size-large\"><img loading=\"lazy\" decoding=\"async\" width=\"1024\" height=\"576\" src=\"https:\/\/college-texier.fr\/wp-content\/uploads\/2023\/04\/image-1024x576.png\" alt=\"\" class=\"wp-image-1572\" srcset=\"https:\/\/college-texier.fr\/wp-content\/uploads\/2023\/04\/image-1024x576.png 1024w, https:\/\/college-texier.fr\/wp-content\/uploads\/2023\/04\/image-300x169.png 300w, https:\/\/college-texier.fr\/wp-content\/uploads\/2023\/04\/image-768x432.png 768w, https:\/\/college-texier.fr\/wp-content\/uploads\/2023\/04\/image-1536x864.png 1536w, https:\/\/college-texier.fr\/wp-content\/uploads\/2023\/04\/image-2048x1152.png 2048w\" sizes=\"auto, (max-width: 1024px) 100vw, 1024px\" \/><\/figure>\n","protected":false},"excerpt":{"rendered":"<p>Dans le cadre de la semaine des langues, les \u00e9l\u00e8ves de 6e6 ont pu d\u00e9guster un deutsches Fr\u00fchst\u00fcck\/english breakfast. Ils ont \u00e9t\u00e9 accueillis par les \u00e9l\u00e8ves de 4e SEGPA et leur professeur d&rsquo;HAS, Mme MICHAUD, qui avaient pr\u00e9par\u00e9 la salle, la vaisselle et qui se sont occup\u00e9s du service in english, please ! Les professeurs [&hellip;]<\/p>\n","protected":false},"author":6,"featured_media":0,"comment_status":"closed","ping_status":"closed","sticky":false,"template":"","format":"standard","meta":{"footnotes":""},"categories":[5],"tags":[],"class_list":["post-1561","post","type-post","status-publish","format-standard","hentry","category-accueil"],"_links":{"self":[{"href":"https:\/\/college-texier.fr\/index.php?rest_route=\/wp\/v2\/posts\/1561","targetHints":{"allow":["GET"]}}],"collection":[{"href":"https:\/\/college-texier.fr\/index.php?rest_route=\/wp\/v2\/posts"}],"about":[{"href":"https:\/\/college-texier.fr\/index.php?rest_route=\/wp\/v2\/types\/post"}],"author":[{"embeddable":true,"href":"https:\/\/college-texier.fr\/index.php?rest_route=\/wp\/v2\/users\/6"}],"replies":[{"embeddable":true,"href":"https:\/\/college-texier.fr\/index.php?rest_route=%2Fwp%2Fv2%2Fcomments&post=1561"}],"version-history":[{"count":4,"href":"https:\/\/college-texier.fr\/index.php?rest_route=\/wp\/v2\/posts\/1561\/revisions"}],"predecessor-version":[{"id":1575,"href":"https:\/\/college-texier.fr\/index.php?rest_route=\/wp\/v2\/posts\/1561\/revisions\/1575"}],"wp:attachment":[{"href":"https:\/\/college-texier.fr\/index.php?rest_route=%2Fwp%2Fv2%2Fmedia&parent=1561"}],"wp:term":[{"taxonomy":"category","embeddable":true,"href":"https:\/\/college-texier.fr\/index.php?rest_route=%2Fwp%2Fv2%2Fcategories&post=1561"},{"taxonomy":"post_tag","embeddable":true,"href":"https:\/\/college-texier.fr\/index.php?rest_route=%2Fwp%2Fv2%2Ftags&post=1561"}],"curies":[{"name":"wp","href":"https:\/\/api.w.org\/{rel}","templated":true}]}}