{"id":1566,"date":"2023-04-04T11:40:15","date_gmt":"2023-04-04T09:40:15","guid":{"rendered":"https:\/\/college-texier.fr\/?p=1566"},"modified":"2023-04-04T11:42:11","modified_gmt":"2023-04-04T09:42:11","slug":"un-air-de-verite","status":"publish","type":"post","link":"https:\/\/college-texier.fr\/?p=1566","title":{"rendered":"Un air de v\u00e9rit\u00e9"},"content":{"rendered":"\n<p>Dans le cadre de la Semaine de la Presse et des M\u00e9dias \u00e0 l&rsquo;Ecole, tous les \u00e9l\u00e8ves de 4e ont assist\u00e9 jeudi 30 mars au spectacle <em>Un air de v\u00e9rit\u00e9 <\/em>du Th\u00e9\u00e2tre du voyageur en salle Samuel Paty.<\/p>\n\n\n\n<p>Cette pi\u00e8ce interactive qui m\u00eale th\u00e9\u00e2tre, slam, video-mapping et d\u00e9bat avec le public vise \u00e0 sensibiliser aux m\u00e9canismes de construction et de circulation de l\u2019information et de la d\u00e9sinformation. Fake news, th\u00e9ories du complot, manipulation par l&rsquo;image, sont autant de pi\u00e8ges informationnels que les \u00e9l\u00e8ves doivent apprendre \u00e0 d\u00e9jouer en exer\u00e7ant leur esprit critique.<\/p>\n\n\n\n<p>Elle, L\u00e9a, est serveuse, avec en poche un bac pro en d\u00e9brouille. Lui, Mathias, est un jeune rappeur qui ne demande qu\u2019\u00e0 percer. Leurs doudous num\u00e9riques toujours \u00e0 port\u00e9e de main, ils vivent au rythme des r\u00e9seaux sociaux et des mont\u00e9es de dopamine procur\u00e9es par les notifications et la reconnaissance sociale.<br>Une vie d&rsquo;insouciance et de love, au jour le jour\u2026 jusqu\u2019\u00e0 ce qu\u2019ils d\u00e9couvrent Les Passeurs de Lumi\u00e8re, un mouvement qui d\u00e9nonce un complot mondial visant \u00e0 asservir et contr\u00f4ler les populations. Au fil des mois, ce groupe va prendre une place grandissante dans leur vie.<br>Leur couple va-t-il r\u00e9sister aux assauts du complotisme\u2009? Qui est dans le vrai\u2009? Qui est le mouton\u2009?<\/p>\n\n\n\n<p>Form\u00e9s en amont en classe aux m\u00e9canismes de la Fakenews, les \u00e9l\u00e8ves ont pu participer aux \u00e9changes, donner leur avis et interroger leurs propres croyances et pratiques sur les r\u00e9seaux sociaux. <\/p>\n","protected":false},"excerpt":{"rendered":"<p>Dans le cadre de la Semaine de la Presse et des M\u00e9dias \u00e0 l&rsquo;Ecole, tous les \u00e9l\u00e8ves de 4e ont assist\u00e9 jeudi 30 mars au spectacle Un air de v\u00e9rit\u00e9 du Th\u00e9\u00e2tre du voyageur en salle Samuel Paty. Cette pi\u00e8ce interactive qui m\u00eale th\u00e9\u00e2tre, slam, video-mapping et d\u00e9bat avec le public vise \u00e0 sensibiliser aux [&hellip;]<\/p>\n","protected":false},"author":36,"featured_media":1567,"comment_status":"closed","ping_status":"closed","sticky":false,"template":"","format":"standard","meta":{"footnotes":""},"categories":[16,20],"tags":[97,123],"class_list":["post-1566","post","type-post","status-publish","format-standard","has-post-thumbnail","hentry","category-documentation","category-francais","tag-education-aux-medias","tag-theatre"],"_links":{"self":[{"href":"https:\/\/college-texier.fr\/index.php?rest_route=\/wp\/v2\/posts\/1566","targetHints":{"allow":["GET"]}}],"collection":[{"href":"https:\/\/college-texier.fr\/index.php?rest_route=\/wp\/v2\/posts"}],"about":[{"href":"https:\/\/college-texier.fr\/index.php?rest_route=\/wp\/v2\/types\/post"}],"author":[{"embeddable":true,"href":"https:\/\/college-texier.fr\/index.php?rest_route=\/wp\/v2\/users\/36"}],"replies":[{"embeddable":true,"href":"https:\/\/college-texier.fr\/index.php?rest_route=%2Fwp%2Fv2%2Fcomments&post=1566"}],"version-history":[{"count":1,"href":"https:\/\/college-texier.fr\/index.php?rest_route=\/wp\/v2\/posts\/1566\/revisions"}],"predecessor-version":[{"id":1568,"href":"https:\/\/college-texier.fr\/index.php?rest_route=\/wp\/v2\/posts\/1566\/revisions\/1568"}],"wp:featuredmedia":[{"embeddable":true,"href":"https:\/\/college-texier.fr\/index.php?rest_route=\/wp\/v2\/media\/1567"}],"wp:attachment":[{"href":"https:\/\/college-texier.fr\/index.php?rest_route=%2Fwp%2Fv2%2Fmedia&parent=1566"}],"wp:term":[{"taxonomy":"category","embeddable":true,"href":"https:\/\/college-texier.fr\/index.php?rest_route=%2Fwp%2Fv2%2Fcategories&post=1566"},{"taxonomy":"post_tag","embeddable":true,"href":"https:\/\/college-texier.fr\/index.php?rest_route=%2Fwp%2Fv2%2Ftags&post=1566"}],"curies":[{"name":"wp","href":"https:\/\/api.w.org\/{rel}","templated":true}]}}