{"id":1591,"date":"2023-05-05T13:34:42","date_gmt":"2023-05-05T11:34:42","guid":{"rendered":"https:\/\/college-texier.fr\/?p=1591"},"modified":"2023-05-05T13:34:42","modified_gmt":"2023-05-05T11:34:42","slug":"les-6e-au-theatre","status":"publish","type":"post","link":"https:\/\/college-texier.fr\/?p=1591","title":{"rendered":"Les 6e au th\u00e9\u00e2tre"},"content":{"rendered":"\n<p>Ce jeudi 4 mai, tous les \u00e9l\u00e8ves de 6e se sont rendus \u00e0 la salle de spectacle de L&rsquo;Eden pour assister \u00e0 la repr\u00e9sentation de <em>La Princesse au petit pois<\/em>.<\/p>\n\n\n\n<p>Cette pi\u00e8ce est une adaptation du c\u00e9l\u00e8bre conte d&rsquo;Andersen. \u00c9crite comme un quatuor, avec th\u00e8mes et variations, elle se lit comme un voyage o\u00f9 l&rsquo;on traverse des paysages avec de nombreuses r\u00e9f\u00e9rences aux contes traditionnels, \u00e0 l&rsquo;histoire d&rsquo;<em>Alice au pays des Merveilles<\/em> ou \u00e0 celle du <em>Petit Prince<\/em>.<\/p>\n\n\n\n<p>A la suite de la repr\u00e9sentation, les \u00e9l\u00e8ves ont pu \u00e9changer avec les com\u00e9diens au bord du plateau. Les questions \u00e9taient nombreuses, tant sur le m\u00e9tier de com\u00e9diens que sur la pi\u00e8ce.<\/p>\n","protected":false},"excerpt":{"rendered":"<p>Ce jeudi 4 mai, tous les \u00e9l\u00e8ves de 6e se sont rendus \u00e0 la salle de spectacle de L&rsquo;Eden pour assister \u00e0 la repr\u00e9sentation de La Princesse au petit pois. Cette pi\u00e8ce est une adaptation du c\u00e9l\u00e8bre conte d&rsquo;Andersen. \u00c9crite comme un quatuor, avec th\u00e8mes et variations, elle se lit comme un voyage o\u00f9 l&rsquo;on [&hellip;]<\/p>\n","protected":false},"author":36,"featured_media":1592,"comment_status":"closed","ping_status":"closed","sticky":false,"template":"","format":"standard","meta":{"footnotes":""},"categories":[16,20],"tags":[124],"class_list":["post-1591","post","type-post","status-publish","format-standard","has-post-thumbnail","hentry","category-documentation","category-francais","tag-education-culturelle-et-artistique"],"_links":{"self":[{"href":"https:\/\/college-texier.fr\/index.php?rest_route=\/wp\/v2\/posts\/1591","targetHints":{"allow":["GET"]}}],"collection":[{"href":"https:\/\/college-texier.fr\/index.php?rest_route=\/wp\/v2\/posts"}],"about":[{"href":"https:\/\/college-texier.fr\/index.php?rest_route=\/wp\/v2\/types\/post"}],"author":[{"embeddable":true,"href":"https:\/\/college-texier.fr\/index.php?rest_route=\/wp\/v2\/users\/36"}],"replies":[{"embeddable":true,"href":"https:\/\/college-texier.fr\/index.php?rest_route=%2Fwp%2Fv2%2Fcomments&post=1591"}],"version-history":[{"count":1,"href":"https:\/\/college-texier.fr\/index.php?rest_route=\/wp\/v2\/posts\/1591\/revisions"}],"predecessor-version":[{"id":1593,"href":"https:\/\/college-texier.fr\/index.php?rest_route=\/wp\/v2\/posts\/1591\/revisions\/1593"}],"wp:featuredmedia":[{"embeddable":true,"href":"https:\/\/college-texier.fr\/index.php?rest_route=\/wp\/v2\/media\/1592"}],"wp:attachment":[{"href":"https:\/\/college-texier.fr\/index.php?rest_route=%2Fwp%2Fv2%2Fmedia&parent=1591"}],"wp:term":[{"taxonomy":"category","embeddable":true,"href":"https:\/\/college-texier.fr\/index.php?rest_route=%2Fwp%2Fv2%2Fcategories&post=1591"},{"taxonomy":"post_tag","embeddable":true,"href":"https:\/\/college-texier.fr\/index.php?rest_route=%2Fwp%2Fv2%2Ftags&post=1591"}],"curies":[{"name":"wp","href":"https:\/\/api.w.org\/{rel}","templated":true}]}}