{"id":1990,"date":"2024-11-04T18:42:09","date_gmt":"2024-11-04T17:42:09","guid":{"rendered":"https:\/\/college-texier.fr\/?p=1990"},"modified":"2024-11-04T18:42:10","modified_gmt":"2024-11-04T17:42:10","slug":"non-au-harcelement","status":"publish","type":"post","link":"https:\/\/college-texier.fr\/?p=1990","title":{"rendered":"Non au harc\u00e8lement"},"content":{"rendered":"\n<figure class=\"wp-block-image size-full is-resized\"><img loading=\"lazy\" decoding=\"async\" width=\"604\" height=\"62\" src=\"https:\/\/college-texier.fr\/wp-content\/uploads\/2024\/11\/image.png\" alt=\"\" class=\"wp-image-1991\" style=\"width:838px;height:auto\" srcset=\"https:\/\/college-texier.fr\/wp-content\/uploads\/2024\/11\/image.png 604w, https:\/\/college-texier.fr\/wp-content\/uploads\/2024\/11\/image-300x31.png 300w, https:\/\/college-texier.fr\/wp-content\/uploads\/2024\/11\/image-24x2.png 24w, https:\/\/college-texier.fr\/wp-content\/uploads\/2024\/11\/image-36x4.png 36w, https:\/\/college-texier.fr\/wp-content\/uploads\/2024\/11\/image-48x5.png 48w\" sizes=\"auto, (max-width: 604px) 100vw, 604px\" \/><\/figure>\n\n\n\n<p class=\"has-text-align-center\"><strong>JEUDI 7 NOVEMBRE 2024<\/strong><\/p>\n\n\n\n<p>Dans le cadre du programme de lutte contre le harc\u00e8lement \u00e0 l\u2019\u00e9cole, la journ\u00e9e du 7 novembre <strong>Non au harc\u00e8lement<\/strong> est un temps fort de la politique de pr\u00e9vention.<\/p>\n\n\n\n<p>Pour marquer cette journ\u00e9e au coll\u00e8ge les \u00e9l\u00e8ves et les personnels sont invit\u00e9s \u00e0 s\u2019habiller en <strong>bleu<\/strong> le jeudi 7 novembre.<\/p>\n\n\n\n<p>Le <strong>3018<\/strong> est un num\u00e9ro \u00e0 disposition des victimes de harc\u00e8lement.<\/p>\n\n\n\n<p>Au sein du coll\u00e8ge, toute situation doit \u00eatre signal\u00e9e \u00e0 un adulte afin de rapidement mettre en \u0153uvre le dispositif pHARe en soutien de la victime.<\/p>\n\n\n\n<p>Pour rappel, le harc\u00e8lement peut \u00eatre sanctionn\u00e9 par une exclusion d\u00e9finitive de l\u2019\u00e9tablissement et c\u2019est aussi un d\u00e9lit s\u00e9v\u00e8rement puni&nbsp;: jusqu\u2019 \u00e0 10 ans d\u2019emprisonnement&nbsp; et jusqu\u2019\u00e0 150&nbsp;000 euros d\u2019amende.<\/p>\n\n\n\n<p>Le jeudi 7 novembre 2024, les \u00e9l\u00e8ves de 6<sup>\u00e8me<\/sup> assisteront \u00e0 une s\u00e9ance du film \u00ab&nbsp;La vie, en gros&nbsp;\u00bb \u00e0 Cin\u00e9vals de 9h30 \u00e0 11h30. La s\u00e9ance sera suivie d\u2019un \u00e9change et d\u2019un quiz sur les situations de harc\u00e8lement.<\/p>\n\n\n\n<p>Un questionnaire en ligne sur Pronote est \u00e0 disposition de tous les \u00e9l\u00e8ves du coll\u00e8ge. Il reste disponible jusqu\u2019au 17 novembre 2024.<\/p>\n","protected":false},"excerpt":{"rendered":"<p>JEUDI 7 NOVEMBRE 2024 Dans le cadre du programme de lutte contre le harc\u00e8lement \u00e0 l\u2019\u00e9cole, la journ\u00e9e du 7 novembre Non au harc\u00e8lement est un temps fort de la politique de pr\u00e9vention. Pour marquer cette journ\u00e9e au coll\u00e8ge les \u00e9l\u00e8ves et les personnels sont invit\u00e9s \u00e0 s\u2019habiller en bleu le jeudi 7 novembre. Le [&hellip;]<\/p>\n","protected":false},"author":60,"featured_media":0,"comment_status":"closed","ping_status":"closed","sticky":false,"template":"","format":"standard","meta":{"footnotes":""},"categories":[5],"tags":[],"class_list":["post-1990","post","type-post","status-publish","format-standard","hentry","category-accueil"],"_links":{"self":[{"href":"https:\/\/college-texier.fr\/index.php?rest_route=\/wp\/v2\/posts\/1990","targetHints":{"allow":["GET"]}}],"collection":[{"href":"https:\/\/college-texier.fr\/index.php?rest_route=\/wp\/v2\/posts"}],"about":[{"href":"https:\/\/college-texier.fr\/index.php?rest_route=\/wp\/v2\/types\/post"}],"author":[{"embeddable":true,"href":"https:\/\/college-texier.fr\/index.php?rest_route=\/wp\/v2\/users\/60"}],"replies":[{"embeddable":true,"href":"https:\/\/college-texier.fr\/index.php?rest_route=%2Fwp%2Fv2%2Fcomments&post=1990"}],"version-history":[{"count":3,"href":"https:\/\/college-texier.fr\/index.php?rest_route=\/wp\/v2\/posts\/1990\/revisions"}],"predecessor-version":[{"id":1994,"href":"https:\/\/college-texier.fr\/index.php?rest_route=\/wp\/v2\/posts\/1990\/revisions\/1994"}],"wp:attachment":[{"href":"https:\/\/college-texier.fr\/index.php?rest_route=%2Fwp%2Fv2%2Fmedia&parent=1990"}],"wp:term":[{"taxonomy":"category","embeddable":true,"href":"https:\/\/college-texier.fr\/index.php?rest_route=%2Fwp%2Fv2%2Fcategories&post=1990"},{"taxonomy":"post_tag","embeddable":true,"href":"https:\/\/college-texier.fr\/index.php?rest_route=%2Fwp%2Fv2%2Ftags&post=1990"}],"curies":[{"name":"wp","href":"https:\/\/api.w.org\/{rel}","templated":true}]}}