{"id":2171,"date":"2025-09-12T09:26:26","date_gmt":"2025-09-12T07:26:26","guid":{"rendered":"https:\/\/college-texier.fr\/?p=2171"},"modified":"2025-09-12T09:28:03","modified_gmt":"2025-09-12T07:28:03","slug":"journee-nationale-du-sport-scolaire","status":"publish","type":"post","link":"https:\/\/college-texier.fr\/?p=2171","title":{"rendered":"Journ\u00e9e nationale du sport scolaire"},"content":{"rendered":"\n<p><strong>Mercredi 17 Septembre 2025 c\u2019est la journ\u00e9e nationale du sport scolaire&nbsp;!<\/strong><\/p>\n\n\n\n<figure class=\"wp-block-image size-large\"><img loading=\"lazy\" decoding=\"async\" width=\"724\" height=\"1024\" src=\"https:\/\/college-texier.fr\/wp-content\/uploads\/2025\/09\/Journee-du-sport-scolaire-1-724x1024.png\" alt=\"\" class=\"wp-image-2173\" srcset=\"https:\/\/college-texier.fr\/wp-content\/uploads\/2025\/09\/Journee-du-sport-scolaire-1-724x1024.png 724w, https:\/\/college-texier.fr\/wp-content\/uploads\/2025\/09\/Journee-du-sport-scolaire-1-212x300.png 212w, https:\/\/college-texier.fr\/wp-content\/uploads\/2025\/09\/Journee-du-sport-scolaire-1-768x1086.png 768w, https:\/\/college-texier.fr\/wp-content\/uploads\/2025\/09\/Journee-du-sport-scolaire-1-1086x1536.png 1086w, https:\/\/college-texier.fr\/wp-content\/uploads\/2025\/09\/Journee-du-sport-scolaire-1-1448x2048.png 1448w, https:\/\/college-texier.fr\/wp-content\/uploads\/2025\/09\/Journee-du-sport-scolaire-1-17x24.png 17w, https:\/\/college-texier.fr\/wp-content\/uploads\/2025\/09\/Journee-du-sport-scolaire-1-25x36.png 25w, https:\/\/college-texier.fr\/wp-content\/uploads\/2025\/09\/Journee-du-sport-scolaire-1-34x48.png 34w, https:\/\/college-texier.fr\/wp-content\/uploads\/2025\/09\/Journee-du-sport-scolaire-1.png 1587w\" sizes=\"auto, (max-width: 724px) 100vw, 724px\" \/><\/figure>\n\n\n\n<p>Au coll\u00e8ge Georges Texier, ce sera une journ\u00e9e exceptionnelle pour TOUS les \u00e9l\u00e8ves de 6\u00e8me dans le cadre de la journ\u00e9e du sport scolaire (UNSS).<\/p>\n\n\n\n<p>Vos enfants vont vivre de 8h \u00e0 12h (pr\u00e9sence obligatoire) les activit\u00e9s de l&rsquo;association sportive: Kayak (sans obligation), handball, badminton et basket. Ils seront pris en charge et seront sous la responsabilit\u00e9 des enseignants d&rsquo;EPS du coll\u00e8ge.<\/p>\n\n\n\n<p>Il leur faudra une tenue sportive, un change complet suppl\u00e9mentaire ainsi qu&rsquo;une paire de chaussures pour aller dans l&rsquo;eau&nbsp; s&rsquo;ils choisissent kayak. Les choix seront faits pendant leur cours d&rsquo;EPS pr\u00e9c\u00e9dents.&nbsp;<\/p>\n\n\n\n<p>L&rsquo;apr\u00e8s midi nous leur donnons \u00e9galement la possibilit\u00e9 de pratiquer, gratuitement et sans obligation d&rsquo;inscription, des activit\u00e9s de plein air au plan d&rsquo;eau.<\/p>\n\n\n\n<p>Les \u00e9l\u00e8ves demi-pensionnaires 4j pourront manger au self en achetant un ticket repas occasionnel ou vous pouvez les r\u00e9cup\u00e9rer \u00e0 12h05 et les ramener \u00e0 13h30 au plan d&rsquo;eau au niveau du club de Kayak (Quai de Bernouet).<\/p>\n\n\n\n<p>Cette action a pour objectif de <strong>faire d\u00e9couvrir \u00e0 votre enfant les pratiques possibles au sein de l&rsquo;association sportive<\/strong> de son \u00e9tablissement. Les fiches d&rsquo;inscription ont \u00e9t\u00e9 distribu\u00e9es en d\u00e9but d&rsquo;ann\u00e9e mais peuvent \u00eatre redemand\u00e9es en cas de perte.<\/p>\n\n\n\n<figure class=\"wp-block-image size-full\"><img loading=\"lazy\" decoding=\"async\" width=\"587\" height=\"318\" src=\"https:\/\/college-texier.fr\/wp-content\/uploads\/2025\/09\/sport.png\" alt=\"\" class=\"wp-image-2172\" srcset=\"https:\/\/college-texier.fr\/wp-content\/uploads\/2025\/09\/sport.png 587w, https:\/\/college-texier.fr\/wp-content\/uploads\/2025\/09\/sport-300x163.png 300w, https:\/\/college-texier.fr\/wp-content\/uploads\/2025\/09\/sport-24x13.png 24w, https:\/\/college-texier.fr\/wp-content\/uploads\/2025\/09\/sport-36x20.png 36w, https:\/\/college-texier.fr\/wp-content\/uploads\/2025\/09\/sport-48x26.png 48w\" sizes=\"auto, (max-width: 587px) 100vw, 587px\" \/><\/figure>\n","protected":false},"excerpt":{"rendered":"<p>Mercredi 17 Septembre 2025 c\u2019est la journ\u00e9e nationale du sport scolaire&nbsp;! Au coll\u00e8ge Georges Texier, ce sera une journ\u00e9e exceptionnelle pour TOUS les \u00e9l\u00e8ves de 6\u00e8me dans le cadre de la journ\u00e9e du sport scolaire (UNSS). Vos enfants vont vivre de 8h \u00e0 12h (pr\u00e9sence obligatoire) les activit\u00e9s de l&rsquo;association sportive: Kayak (sans obligation), handball, [&hellip;]<\/p>\n","protected":false},"author":36,"featured_media":0,"comment_status":"closed","ping_status":"closed","sticky":false,"template":"","format":"standard","meta":{"footnotes":""},"categories":[8,15],"tags":[],"class_list":["post-2171","post","type-post","status-publish","format-standard","hentry","category-association-sportive","category-education-physique-et-sportive"],"_links":{"self":[{"href":"https:\/\/college-texier.fr\/index.php?rest_route=\/wp\/v2\/posts\/2171","targetHints":{"allow":["GET"]}}],"collection":[{"href":"https:\/\/college-texier.fr\/index.php?rest_route=\/wp\/v2\/posts"}],"about":[{"href":"https:\/\/college-texier.fr\/index.php?rest_route=\/wp\/v2\/types\/post"}],"author":[{"embeddable":true,"href":"https:\/\/college-texier.fr\/index.php?rest_route=\/wp\/v2\/users\/36"}],"replies":[{"embeddable":true,"href":"https:\/\/college-texier.fr\/index.php?rest_route=%2Fwp%2Fv2%2Fcomments&post=2171"}],"version-history":[{"count":2,"href":"https:\/\/college-texier.fr\/index.php?rest_route=\/wp\/v2\/posts\/2171\/revisions"}],"predecessor-version":[{"id":2175,"href":"https:\/\/college-texier.fr\/index.php?rest_route=\/wp\/v2\/posts\/2171\/revisions\/2175"}],"wp:attachment":[{"href":"https:\/\/college-texier.fr\/index.php?rest_route=%2Fwp%2Fv2%2Fmedia&parent=2171"}],"wp:term":[{"taxonomy":"category","embeddable":true,"href":"https:\/\/college-texier.fr\/index.php?rest_route=%2Fwp%2Fv2%2Fcategories&post=2171"},{"taxonomy":"post_tag","embeddable":true,"href":"https:\/\/college-texier.fr\/index.php?rest_route=%2Fwp%2Fv2%2Ftags&post=2171"}],"curies":[{"name":"wp","href":"https:\/\/api.w.org\/{rel}","templated":true}]}}