{"id":2269,"date":"2025-12-11T19:27:19","date_gmt":"2025-12-11T18:27:19","guid":{"rendered":"https:\/\/college-texier.fr\/?p=2269"},"modified":"2025-12-11T19:27:19","modified_gmt":"2025-12-11T18:27:19","slug":"les-4e1-correspondent-avec-la-suede-episode-2","status":"publish","type":"post","link":"https:\/\/college-texier.fr\/?p=2269","title":{"rendered":"Les 4\u00e81 correspondent avec la Su\u00e8de &#8211; \u00e9pisode 2"},"content":{"rendered":"\n<p>Les \u00e9l\u00e8ves de 4\u00e81 font partie cette ann\u00e9e d\u2019un projet de correspondance en anglais avec une classe du coll\u00e8ge Apladalsskolan et avec une classe du coll\u00e8ge de Bor \u00e0 V\u00e4rnamo, en Su\u00e8de.<\/p>\n\n\n\n<p>Ils ont re\u00e7u les premi\u00e8res lettres de leurs correspondants su\u00e9dois en septembre.<\/p>\n\n\n\n<p>Depuis, leurs correspondants du coll\u00e8ge de Bor leur ont envoy\u00e9 un diaporama et les \u00e9l\u00e8ves de 4\u00e81 ont \u00e0 leur tour cr\u00e9\u00e9 un diaporama sur le coll\u00e8ge Georges Texier et l\u2019ont envoy\u00e9 \u00e0 leurs correspondants.<\/p>\n\n\n\n<p>Vendredi dernier, le 05\/12\/2025, ils ont eu la joie (et le stress) de pouvoir \u00e9changer en direct avec leurs correspondants de Bor en visio pendant plus d\u2019une demi-heure.<\/p>\n\n\n\n<p>Ils avaient auparavant re\u00e7u les questions de leurs correspondants et leur avaient envoy\u00e9 les leurs. S\u2019en est suivi un travail acharn\u00e9 pendant plusieurs cours pour pouvoir parler en direct avec leurs correspondants.<\/p>\n\n\n\n<p>Le challenge \u00e9tait de taille mais ils ont su le relever avec brio.<\/p>\n\n\n\n<p>Ils sont tr\u00e8s fiers de ce projet et nous les f\u00e9licitons, M. LARDY et moi-m\u00eame, pour leur travail.<\/p>\n","protected":false},"excerpt":{"rendered":"<p>Les \u00e9l\u00e8ves de 4\u00e81 font partie cette ann\u00e9e d\u2019un projet de correspondance en anglais avec une classe du coll\u00e8ge Apladalsskolan et avec une classe du coll\u00e8ge de Bor \u00e0 V\u00e4rnamo, en Su\u00e8de. Ils ont re\u00e7u les premi\u00e8res lettres de leurs correspondants su\u00e9dois en septembre. Depuis, leurs correspondants du coll\u00e8ge de Bor leur ont envoy\u00e9 un [&hellip;]<\/p>\n","protected":false},"author":16,"featured_media":2270,"comment_status":"closed","ping_status":"closed","sticky":false,"template":"","format":"standard","meta":{"footnotes":""},"categories":[5,1,38,201,27],"tags":[202,72,203],"class_list":["post-2269","post","type-post","status-publish","format-standard","has-post-thumbnail","hentry","category-accueil","category-anglais","category-langues","category-ouverture-internationale","category-segpa","tag-4e-segpa","tag-anglais","tag-ouverture-internationale"],"_links":{"self":[{"href":"https:\/\/college-texier.fr\/index.php?rest_route=\/wp\/v2\/posts\/2269","targetHints":{"allow":["GET"]}}],"collection":[{"href":"https:\/\/college-texier.fr\/index.php?rest_route=\/wp\/v2\/posts"}],"about":[{"href":"https:\/\/college-texier.fr\/index.php?rest_route=\/wp\/v2\/types\/post"}],"author":[{"embeddable":true,"href":"https:\/\/college-texier.fr\/index.php?rest_route=\/wp\/v2\/users\/16"}],"replies":[{"embeddable":true,"href":"https:\/\/college-texier.fr\/index.php?rest_route=%2Fwp%2Fv2%2Fcomments&post=2269"}],"version-history":[{"count":1,"href":"https:\/\/college-texier.fr\/index.php?rest_route=\/wp\/v2\/posts\/2269\/revisions"}],"predecessor-version":[{"id":2271,"href":"https:\/\/college-texier.fr\/index.php?rest_route=\/wp\/v2\/posts\/2269\/revisions\/2271"}],"wp:featuredmedia":[{"embeddable":true,"href":"https:\/\/college-texier.fr\/index.php?rest_route=\/wp\/v2\/media\/2270"}],"wp:attachment":[{"href":"https:\/\/college-texier.fr\/index.php?rest_route=%2Fwp%2Fv2%2Fmedia&parent=2269"}],"wp:term":[{"taxonomy":"category","embeddable":true,"href":"https:\/\/college-texier.fr\/index.php?rest_route=%2Fwp%2Fv2%2Fcategories&post=2269"},{"taxonomy":"post_tag","embeddable":true,"href":"https:\/\/college-texier.fr\/index.php?rest_route=%2Fwp%2Fv2%2Ftags&post=2269"}],"curies":[{"name":"wp","href":"https:\/\/api.w.org\/{rel}","templated":true}]}}