{"id":2275,"date":"2025-12-12T12:15:16","date_gmt":"2025-12-12T11:15:16","guid":{"rendered":"https:\/\/college-texier.fr\/?p=2275"},"modified":"2025-12-12T12:16:40","modified_gmt":"2025-12-12T11:16:40","slug":"les-6e5-correspondent-avec-litalie","status":"publish","type":"post","link":"https:\/\/college-texier.fr\/?p=2275","title":{"rendered":"Les 6\u00e85 correspondent avec l&rsquo;Italie."},"content":{"rendered":"\n<p>Les \u00e9l\u00e8ves de 6\u00e85 font partie cette ann\u00e9e d\u2019un projet de correspondance en anglais avec une classe du coll\u00e8ge Gianni Giannone \u00e0 Pulsano, en Italie.<\/p>\n\n\n\n<p>Ils ont envoy\u00e9 leurs premi\u00e8res lettres \u00e0 leurs correspondants mi-octobre et ont eu la joie de recevoir la r\u00e9ponse de leurs correspondants italiens en d\u00e9but de semaine.<\/p>\n\n\n\n<p>Pleins d\u2019enthousiasme, ils ont travaill\u00e9 dur pour \u00e9crire leurs lettres et pour ensuite comprendre celles qu\u2019ils ont re\u00e7ues.<\/p>\n\n\n\n<p>Ils ont tr\u00e8s bien relev\u00e9 ce premier d\u00e9fi de l\u2019ann\u00e9e, sont tr\u00e8s fiers de ce projet et je les f\u00e9licite pour leurs efforts.<\/p>\n","protected":false},"excerpt":{"rendered":"<p>Les \u00e9l\u00e8ves de 6\u00e85 font partie cette ann\u00e9e d\u2019un projet de correspondance en anglais avec une classe du coll\u00e8ge Gianni Giannone \u00e0 Pulsano, en Italie. Ils ont envoy\u00e9 leurs premi\u00e8res lettres \u00e0 leurs correspondants mi-octobre et ont eu la joie de recevoir la r\u00e9ponse de leurs correspondants italiens en d\u00e9but de semaine. Pleins d\u2019enthousiasme, ils [&hellip;]<\/p>\n","protected":false},"author":16,"featured_media":2276,"comment_status":"closed","ping_status":"closed","sticky":false,"template":"","format":"standard","meta":{"footnotes":""},"categories":[5,1,38,201],"tags":[204,72,203],"class_list":["post-2275","post","type-post","status-publish","format-standard","has-post-thumbnail","hentry","category-accueil","category-anglais","category-langues","category-ouverture-internationale","tag-204","tag-anglais","tag-ouverture-internationale"],"_links":{"self":[{"href":"https:\/\/college-texier.fr\/index.php?rest_route=\/wp\/v2\/posts\/2275","targetHints":{"allow":["GET"]}}],"collection":[{"href":"https:\/\/college-texier.fr\/index.php?rest_route=\/wp\/v2\/posts"}],"about":[{"href":"https:\/\/college-texier.fr\/index.php?rest_route=\/wp\/v2\/types\/post"}],"author":[{"embeddable":true,"href":"https:\/\/college-texier.fr\/index.php?rest_route=\/wp\/v2\/users\/16"}],"replies":[{"embeddable":true,"href":"https:\/\/college-texier.fr\/index.php?rest_route=%2Fwp%2Fv2%2Fcomments&post=2275"}],"version-history":[{"count":1,"href":"https:\/\/college-texier.fr\/index.php?rest_route=\/wp\/v2\/posts\/2275\/revisions"}],"predecessor-version":[{"id":2277,"href":"https:\/\/college-texier.fr\/index.php?rest_route=\/wp\/v2\/posts\/2275\/revisions\/2277"}],"wp:featuredmedia":[{"embeddable":true,"href":"https:\/\/college-texier.fr\/index.php?rest_route=\/wp\/v2\/media\/2276"}],"wp:attachment":[{"href":"https:\/\/college-texier.fr\/index.php?rest_route=%2Fwp%2Fv2%2Fmedia&parent=2275"}],"wp:term":[{"taxonomy":"category","embeddable":true,"href":"https:\/\/college-texier.fr\/index.php?rest_route=%2Fwp%2Fv2%2Fcategories&post=2275"},{"taxonomy":"post_tag","embeddable":true,"href":"https:\/\/college-texier.fr\/index.php?rest_route=%2Fwp%2Fv2%2Ftags&post=2275"}],"curies":[{"name":"wp","href":"https:\/\/api.w.org\/{rel}","templated":true}]}}