{"id":334,"date":"2019-09-09T17:15:13","date_gmt":"2019-09-09T15:15:13","guid":{"rendered":"http:\/\/college-texier.fr\/?p=334"},"modified":"2019-10-04T09:14:06","modified_gmt":"2019-10-04T07:14:06","slug":"accueil","status":"publish","type":"post","link":"https:\/\/college-texier.fr\/?p=334","title":{"rendered":"Accueil"},"content":{"rendered":"\n<p style=\"font-size:22px;text-align:center\" class=\"has-text-color has-background has-vivid-red-color has-pale-cyan-blue-background-color\"><strong>Bienvenue sur le site du <\/strong><strong>coll\u00e8ge&nbsp;Georges Texier<\/strong><\/p>\n\n\n\n<p class=\"has-drop-cap\">&nbsp;&nbsp;&nbsp;&nbsp;&nbsp;&nbsp; Vous avez choisi d\u2019inscrire votre enfant au coll\u00e8ge Georges Texier, nous vous remercions de votre confiance. Ce site a \u00e9t\u00e9 con\u00e7u pour faciliter la communication.  Vous avez choisi d\u2019inscrire votre enfant au coll\u00e8ge Georges Texier, nous vous remercions de votre confiance. <\/p>\n\n\n\n<p>&nbsp;&nbsp;&nbsp;&nbsp; Il essaie de r\u00e9pondre aux interrogations qui peuvent \u00eatre les v\u00f4tres, sur la scolarit\u00e9 au coll\u00e8ge en g\u00e9n\u00e9ral et sur le coll\u00e8ge Georges Texier en particulier. <\/p>\n\n\n\n<p>&nbsp;&nbsp;&nbsp;&nbsp; Nous acceptons et attendons, bien s\u00fbr, les suggestions et les remarques qui pourraient encore am\u00e9liorer cet outil. Merci \u00e0 tous pour vos id\u00e9es et contributions \u00e0 venir.            <\/p>\n\n\n\n<p>&nbsp;&nbsp;&nbsp;&nbsp;&nbsp; Nous l\u2019avons voulu facile \u00e0 consulter, et \u00e0 m\u00eame de donner les renseignements et les informations que vous pouvez chercher, que vous soyez, parents, \u00e9l\u00e8ves ou personnels de l\u2019\u00e9tablissement. Ce site a \u00e9t\u00e9 con\u00e7u pour faciliter la communication.&nbsp;&nbsp;&nbsp;&nbsp;&nbsp;&nbsp;&nbsp; <\/p>\n\n\n\n<p>Bonne rentr\u00e9e et bonne ann\u00e9e scolaire \u00e0 tous.<\/p>\n\n\n\n<p>Thierry FAURE &#8211; Principal<\/p>\n\n\n\n<p>Fabrice CHARPENTIER &#8211; Principal adjoint<\/p>\n\n\n\n<p>Charles PEROU, Directeur adjoint charg\u00e9 de la Segpa<\/p>\n\n\n\n<p> <\/p>\n","protected":false},"excerpt":{"rendered":"<p>Bienvenue sur le site du coll\u00e8ge&nbsp;Georges Texier &nbsp;&nbsp;&nbsp;&nbsp;&nbsp;&nbsp; Vous avez choisi d\u2019inscrire votre enfant au coll\u00e8ge Georges Texier, nous vous remercions de votre confiance. Ce site a \u00e9t\u00e9 con\u00e7u pour faciliter la communication. Vous avez choisi d\u2019inscrire votre enfant au coll\u00e8ge Georges Texier, nous vous remercions de votre confiance. &nbsp;&nbsp;&nbsp;&nbsp; Il essaie de r\u00e9pondre aux [&hellip;]<\/p>\n","protected":false},"author":3,"featured_media":0,"comment_status":"closed","ping_status":"closed","sticky":false,"template":"","format":"standard","meta":{"footnotes":""},"categories":[5],"tags":[],"class_list":["post-334","post","type-post","status-publish","format-standard","hentry","category-accueil"],"_links":{"self":[{"href":"https:\/\/college-texier.fr\/index.php?rest_route=\/wp\/v2\/posts\/334","targetHints":{"allow":["GET"]}}],"collection":[{"href":"https:\/\/college-texier.fr\/index.php?rest_route=\/wp\/v2\/posts"}],"about":[{"href":"https:\/\/college-texier.fr\/index.php?rest_route=\/wp\/v2\/types\/post"}],"author":[{"embeddable":true,"href":"https:\/\/college-texier.fr\/index.php?rest_route=\/wp\/v2\/users\/3"}],"replies":[{"embeddable":true,"href":"https:\/\/college-texier.fr\/index.php?rest_route=%2Fwp%2Fv2%2Fcomments&post=334"}],"version-history":[{"count":12,"href":"https:\/\/college-texier.fr\/index.php?rest_route=\/wp\/v2\/posts\/334\/revisions"}],"predecessor-version":[{"id":380,"href":"https:\/\/college-texier.fr\/index.php?rest_route=\/wp\/v2\/posts\/334\/revisions\/380"}],"wp:attachment":[{"href":"https:\/\/college-texier.fr\/index.php?rest_route=%2Fwp%2Fv2%2Fmedia&parent=334"}],"wp:term":[{"taxonomy":"category","embeddable":true,"href":"https:\/\/college-texier.fr\/index.php?rest_route=%2Fwp%2Fv2%2Fcategories&post=334"},{"taxonomy":"post_tag","embeddable":true,"href":"https:\/\/college-texier.fr\/index.php?rest_route=%2Fwp%2Fv2%2Ftags&post=334"}],"curies":[{"name":"wp","href":"https:\/\/api.w.org\/{rel}","templated":true}]}}