{"id":623,"date":"2019-11-24T14:15:14","date_gmt":"2019-11-24T13:15:14","guid":{"rendered":"http:\/\/college-texier.fr\/?p=623"},"modified":"2019-11-24T14:15:15","modified_gmt":"2019-11-24T13:15:15","slug":"depistage-infirmier-en-classe-de-6eme","status":"publish","type":"post","link":"https:\/\/college-texier.fr\/?p=623","title":{"rendered":"D\u00e9pistage infirmier en classe de 6\u00e8me"},"content":{"rendered":"\n<p>Conform\u00e9ment \u00e0 l&rsquo; arr\u00eat\u00e9 du 3-11-2015- J.O. du 6-11-2015 \u00a0\u00bb P\u00e9riodicit\u00e9 et contenu des visites m\u00e9dicales et de d\u00e9pistage obligatoires pr\u00e9vues \u00e0 l&rsquo;article L. 541-1 du code de l&rsquo;\u00e9ducation\u00a0\u00bb, les infirmi\u00e8res scolaires vont d\u00e9marrer le d\u00e9pistage des \u00e9l\u00e8ves de 6\u00e8me selon le calendrier suivant :<\/p>\n\n\n\n<ul class=\"wp-block-list\"><li>Mercredi 20 Novembre 2019 > Classe de 6\u00e8me 2<\/li><li>Vendredi 22 Novembre 2019 > Classe de 6\u00e8me 5<\/li><li>Lundi 25 Novembre 2019 > Classe de 6\u00e8me 3<\/li><li>Lundi 2 D\u00e9cembre 2019 > Classe de 6\u00e8me 7<\/li><li>Mardi 3 D\u00e9cembre 2019 > Classe de 6\u00e8me 6<\/li><li>Mercredi 4 D\u00e9cembre 2019 > Classe de 6\u00e8me 4<\/li><li>Mercredi 11 D\u00e9cembre 2019 > Classe de 6\u00e8me 1<\/li><\/ul>\n\n\n\n<p><\/p>\n\n\n\n<p>Visite m\u00e9dicale de la sixi\u00e8me ann\u00e9e<\/p>\n\n\n\n<p>&#8211; Analyse des ant\u00e9c\u00e9dents de l&rsquo;enfant \u00e0 partir des donn\u00e9es, notamment du document de liaison pr\u00e9vu par l&rsquo;article L. 2112-5 susvis\u00e9 du code de la sant\u00e9 publique pour les enfants ayant b\u00e9n\u00e9fici\u00e9 du bilan de sant\u00e9 entre 3 et 4 ans en \u00e9cole maternelle(1), ou du carnet de sant\u00e9 de l&rsquo;enfant avec l&rsquo;accord des parents.<\/p>\n\n\n\n<p>&#8211; Lorsque les enfants ont b\u00e9n\u00e9fici\u00e9 d&rsquo;une visite m\u00e9dicale par le m\u00e9decin qui suit l&rsquo;enfant en application de l&rsquo;article L. 541-1, les parents, s&rsquo;ils en sont d&rsquo;accord, transmettent \u00e0 la demande du m\u00e9decin de l&rsquo;\u00e9ducation nationale, dans le cadre du suivi du parcours de sant\u00e9 \u00e0 l&rsquo;\u00e9cole, le carnet de sant\u00e9 de leur enfant sous enveloppe cachet\u00e9e \u00e0 son intention. Si les parents ne souhaitent pas pr\u00e9senter le carnet de sant\u00e9, ils devront \u00eatre en mesure de fournir un certificat m\u00e9dical attestant qu&rsquo;un bilan de l&rsquo;\u00e9tat de sant\u00e9 physique et psychologique de leur enfant a \u00e9t\u00e9 assur\u00e9 par un professionnel de sant\u00e9 de leur choix (art. L. 541-1 du code de l&rsquo;\u00e9ducation).<\/p>\n\n\n\n<p>&#8211; Entretien avec les parents de l&rsquo;enfant portant notamment sur ses conditions de vie, son d\u00e9veloppement et d&rsquo;\u00e9ventuelles pathologies. Lorsque l&rsquo;enfant pr\u00e9sente un handicap ou une affection chronique, le professionnel de sant\u00e9 analyse ses besoins et, le cas \u00e9ch\u00e9ant, impulse avec l&rsquo;accord des parents les d\u00e9marches n\u00e9cessaires.<\/p>\n\n\n\n<p>&#8211; Prise en compte d&rsquo;\u00e9ventuelles observations recueillies aupr\u00e8s de l&rsquo;enseignant de l&rsquo;enfant et des personnels intervenant au sein de l&rsquo;\u00e9cole.<\/p>\n\n\n\n<p>&#8211; V\u00e9rification des vaccinations au vu du calendrier vaccinal en vigueur&nbsp;(2).<\/p>\n\n\n\n<p>&#8211; Examen staturo-pond\u00e9ral avec calcul de l&rsquo;IMC, report des donn\u00e9es et tra\u00e7age sur les courbes du carnet de sant\u00e9.<\/p>\n\n\n\n<p>&#8211; Examen clinique.<\/p>\n\n\n\n<p>&#8211; D\u00e9pistage des troubles auditifs comprenant la v\u00e9rification de l&rsquo;acuit\u00e9 auditive avec un appareil audio v\u00e9rificateur.<\/p>\n\n\n\n<p>&#8211; D\u00e9pistage des troubles visuels.<\/p>\n\n\n\n<p>&#8211; Bilan du langage.<\/p>\n\n\n\n<p>&#8211; Bilan du d\u00e9veloppement psychomoteur.<\/p>\n\n\n\n<p>&#8211; Examen bucco-dentaire.<\/p>\n\n\n\n<p>&#8211; Transmission aux parents des conclusions de ces examens et d\u00e9pistages incluant, le cas \u00e9ch\u00e9ant, des recommandations, des conseils ou des demandes d&rsquo;investigations compl\u00e9mentairesainsi que, en tant que de besoin, la remise d&rsquo;un courrier \u00e0 l&rsquo;attention du m\u00e9decin traitant. Le m\u00e9decin qui l&rsquo;effectue veille au respect de la confidentialit\u00e9 de cette transmission.<\/p>\n\n\n\n<p>&#8211; Mise \u00e0 disposition des donn\u00e9es issues de cette visite aux personnels de l&rsquo;\u00e9ducation nationale en charge du suivi de l&rsquo;\u00e9l\u00e8ve concern\u00e9, dans le respect du secret professionnel.<\/p>\n\n\n\n<p>&#8211; Rencontre avec l&rsquo;enseignant de l&rsquo;\u00e9l\u00e8ve et le directeur d&rsquo;\u00e9cole afin de faire le point sur le suivi et l&rsquo;accompagnement p\u00e9dagogique \u00e0 mettre en place dans le cadre de la r\u00e9ussite scolaire.<\/p>\n\n\n\n<p>Cette liste n&rsquo;est pas limitative. Chaque professionnel de sant\u00e9, dans le cadre de ses comp\u00e9tences, poursuivra les examens en fonction des constatations qu&rsquo;il aura effectu\u00e9es.<\/p>\n","protected":false},"excerpt":{"rendered":"<p>Conform\u00e9ment \u00e0 l&rsquo; arr\u00eat\u00e9 du 3-11-2015- J.O. du 6-11-2015 \u00a0\u00bb P\u00e9riodicit\u00e9 et contenu des visites m\u00e9dicales et de d\u00e9pistage obligatoires pr\u00e9vues \u00e0 l&rsquo;article L. 541-1 du code de l&rsquo;\u00e9ducation\u00a0\u00bb, les infirmi\u00e8res scolaires vont d\u00e9marrer le d\u00e9pistage des \u00e9l\u00e8ves de 6\u00e8me selon le calendrier suivant : Mercredi 20 Novembre 2019 > Classe de 6\u00e8me 2 Vendredi [&hellip;]<\/p>\n","protected":false},"author":3,"featured_media":0,"comment_status":"closed","ping_status":"closed","sticky":false,"template":"","format":"standard","meta":{"footnotes":""},"categories":[5,21],"tags":[],"class_list":["post-623","post","type-post","status-publish","format-standard","hentry","category-accueil","category-informations"],"_links":{"self":[{"href":"https:\/\/college-texier.fr\/index.php?rest_route=\/wp\/v2\/posts\/623","targetHints":{"allow":["GET"]}}],"collection":[{"href":"https:\/\/college-texier.fr\/index.php?rest_route=\/wp\/v2\/posts"}],"about":[{"href":"https:\/\/college-texier.fr\/index.php?rest_route=\/wp\/v2\/types\/post"}],"author":[{"embeddable":true,"href":"https:\/\/college-texier.fr\/index.php?rest_route=\/wp\/v2\/users\/3"}],"replies":[{"embeddable":true,"href":"https:\/\/college-texier.fr\/index.php?rest_route=%2Fwp%2Fv2%2Fcomments&post=623"}],"version-history":[{"count":1,"href":"https:\/\/college-texier.fr\/index.php?rest_route=\/wp\/v2\/posts\/623\/revisions"}],"predecessor-version":[{"id":624,"href":"https:\/\/college-texier.fr\/index.php?rest_route=\/wp\/v2\/posts\/623\/revisions\/624"}],"wp:attachment":[{"href":"https:\/\/college-texier.fr\/index.php?rest_route=%2Fwp%2Fv2%2Fmedia&parent=623"}],"wp:term":[{"taxonomy":"category","embeddable":true,"href":"https:\/\/college-texier.fr\/index.php?rest_route=%2Fwp%2Fv2%2Fcategories&post=623"},{"taxonomy":"post_tag","embeddable":true,"href":"https:\/\/college-texier.fr\/index.php?rest_route=%2Fwp%2Fv2%2Ftags&post=623"}],"curies":[{"name":"wp","href":"https:\/\/api.w.org\/{rel}","templated":true}]}}