{"id":654,"date":"2019-12-13T10:00:00","date_gmt":"2019-12-13T09:00:00","guid":{"rendered":"http:\/\/college-texier.fr\/?p=654"},"modified":"2020-01-06T12:42:26","modified_gmt":"2020-01-06T11:42:26","slug":"stage-dobservation-des-eleves-de-3eme-generale","status":"publish","type":"post","link":"https:\/\/college-texier.fr\/?p=654","title":{"rendered":"Stage d&rsquo;observation des \u00e9l\u00e8ves de 3\u00e8me g\u00e9n\u00e9rale"},"content":{"rendered":"\n<p>Les \u00e9l\u00e8ves de 3\u00e8me g\u00e9n\u00e9rale effectueront le stage obligatoire d&rsquo;observation durant la semaine du <strong>16 au 20 d\u00e9cembre 2019<\/strong>.<\/p>\n\n\n\n<p><em>Le stage sera \u00e9valu\u00e9 de 2 mani\u00e8res <\/em>:<\/p>\n\n\n\n<ul class=\"wp-block-list\"><li>\u00c9valuation du livret de stage et du rapport de stage compl\u00e9t\u00e9s par les \u00e9l\u00e8ves \u00e0 remettre avant le 20 janvier 2020.<\/li><li>\u00c9valuation orale pr\u00e9vue le jeudi 20 f\u00e9vrier 2020 <\/li><\/ul>\n\n\n\n<p>Acc\u00e9der au <a href=\"https:\/\/college-texier.fr\/wp-content\/uploads\/2019\/12\/LIVRET_STAGE_2019-2020.pdf\">livret de stage<\/a> <\/p>\n\n\n\n<p><\/p>\n","protected":false},"excerpt":{"rendered":"<p>Les \u00e9l\u00e8ves de 3\u00e8me g\u00e9n\u00e9rale effectueront le stage obligatoire d&rsquo;observation durant la semaine du 16 au 20 d\u00e9cembre 2019. Le stage sera \u00e9valu\u00e9 de 2 mani\u00e8res : \u00c9valuation du livret de stage et du rapport de stage compl\u00e9t\u00e9s par les \u00e9l\u00e8ves \u00e0 remettre avant le 20 janvier 2020. \u00c9valuation orale pr\u00e9vue le jeudi 20 f\u00e9vrier [&hellip;]<\/p>\n","protected":false},"author":3,"featured_media":0,"comment_status":"closed","ping_status":"closed","sticky":false,"template":"","format":"standard","meta":{"footnotes":""},"categories":[24],"tags":[],"class_list":["post-654","post","type-post","status-publish","format-standard","hentry","category-orientation"],"_links":{"self":[{"href":"https:\/\/college-texier.fr\/index.php?rest_route=\/wp\/v2\/posts\/654","targetHints":{"allow":["GET"]}}],"collection":[{"href":"https:\/\/college-texier.fr\/index.php?rest_route=\/wp\/v2\/posts"}],"about":[{"href":"https:\/\/college-texier.fr\/index.php?rest_route=\/wp\/v2\/types\/post"}],"author":[{"embeddable":true,"href":"https:\/\/college-texier.fr\/index.php?rest_route=\/wp\/v2\/users\/3"}],"replies":[{"embeddable":true,"href":"https:\/\/college-texier.fr\/index.php?rest_route=%2Fwp%2Fv2%2Fcomments&post=654"}],"version-history":[{"count":1,"href":"https:\/\/college-texier.fr\/index.php?rest_route=\/wp\/v2\/posts\/654\/revisions"}],"predecessor-version":[{"id":655,"href":"https:\/\/college-texier.fr\/index.php?rest_route=\/wp\/v2\/posts\/654\/revisions\/655"}],"wp:attachment":[{"href":"https:\/\/college-texier.fr\/index.php?rest_route=%2Fwp%2Fv2%2Fmedia&parent=654"}],"wp:term":[{"taxonomy":"category","embeddable":true,"href":"https:\/\/college-texier.fr\/index.php?rest_route=%2Fwp%2Fv2%2Fcategories&post=654"},{"taxonomy":"post_tag","embeddable":true,"href":"https:\/\/college-texier.fr\/index.php?rest_route=%2Fwp%2Fv2%2Ftags&post=654"}],"curies":[{"name":"wp","href":"https:\/\/api.w.org\/{rel}","templated":true}]}}